{"id":4616,"date":"2025-04-07T08:23:57","date_gmt":"2025-04-07T06:23:57","guid":{"rendered":"https:\/\/www.eidenberg-agenda21.info\/web2\/?p=4616"},"modified":"2025-04-07T08:24:56","modified_gmt":"2025-04-07T06:24:56","slug":"einkauf-in-eidenberg-hat-einen-namen-megs-7","status":"publish","type":"post","link":"https:\/\/www.eidenberg-agenda21.info\/web2\/2025\/04\/einkauf-in-eidenberg-hat-einen-namen-megs-7\/","title":{"rendered":"Einkauf in Eidenberg hat einen Namen: MEGS 7"},"content":{"rendered":"\n<p>Es handelt sich dabei um eine Einkaufsgemeinschaft auf Vereinsbasis mit dem Namen \u201eMEGS 7\u201c und steht f\u00fcr: <strong>M<\/strong>odern <strong>E<\/strong>infach <strong>G<\/strong>\u00fcnstig <strong>S<\/strong>chnell und <strong>7<\/strong> Tage verf\u00fcgbar. Das System ist vielversprechend und wird den Anforderungen des neuen Einkaufens gerecht. Es ist modern aufgebaut, aber trotzdem einfach zu h\u00e4ndeln. G\u00fcnstige Preise und schnelles Einkaufen bei m\u00f6glichst langer \u00d6ffnungszeit an 7 Tagen sind weitere Erfolgsfaktoren.<\/p>\n\n\n\n<p>Mehr dazu im Podcast-Interview des Freien Radio Freistadt unter nachstehenden link:<\/p>\n\n\n\n<p><a href=\"https:\/\/cba.media\/701257\" data-type=\"link\" data-id=\"https:\/\/cba.media\/701257\">https:\/\/cba.media\/701257<\/a><\/p>\n\n\n\n<figure class=\"wp-block-embed is-type-wp-embed is-provider-cba-cultural-broadcasting-archive wp-block-embed-cba-cultural-broadcasting-archive\"><div class=\"wp-block-embed__wrapper\">\n<blockquote class=\"wp-embedded-content\" data-secret=\"50p7IklI3S\"><a href=\"https:\/\/cba.media\/701257\">Der Verein Einkaufsgemeinschaft MEGS7 aus Eidenberg im Interview<\/a><\/blockquote><iframe loading=\"lazy\" class=\"wp-embedded-content\" sandbox=\"allow-scripts\" security=\"restricted\" style=\"position: absolute; visibility: hidden;\" title=\"&#8222;Der Verein Einkaufsgemeinschaft MEGS7 aus Eidenberg im Interview&#8220; &#8212; cba - cultural broadcasting archive\" src=\"https:\/\/cba.media\/701257\/embed#?secret=vD3h5EyHUr#?secret=50p7IklI3S\" data-secret=\"50p7IklI3S\" width=\"500\" height=\"282\" frameborder=\"0\" marginwidth=\"0\" marginheight=\"0\" scrolling=\"no\"><\/iframe>\n<\/div><\/figure>\n\n\n\n<p>Seit der der Gr\u00fcndungsversammlung am 26. Februar arbeitet das Vorstandsteam mit &nbsp;Obmann: Josef Madlmeir, Stellvertreter: Anton Bauer, Schriftf\u00fchrerin: Ingrid Schmid, Stellvertreterin: Gertraud Rois, Kassierin: Marianne Fuchs, Stellvertreter Manfred Sch\u00fctz intensiv an der Umsetzung! Es gilt rasch notwendige Beh\u00f6rdenwege und Genehmigungen, Mietvertrag und Geb\u00e4udeadaptionen, Einrichtung und technische Ausstattung zu erledigen.<\/p>\n\n\n\n<figure class=\"wp-block-gallery has-nested-images columns-default is-cropped wp-block-gallery-1 is-layout-flex wp-block-gallery-is-layout-flex\">\n<figure class=\"wp-block-image size-large\"><img loading=\"lazy\" decoding=\"async\" width=\"768\" height=\"1024\" data-id=\"4620\" src=\"https:\/\/www.eidenberg-agenda21.info\/web2\/wp-content\/uploads\/2025\/04\/20250226_193954-768x1024.jpg\" alt=\"\" class=\"wp-image-4620\" srcset=\"https:\/\/www.eidenberg-agenda21.info\/web2\/wp-content\/uploads\/2025\/04\/20250226_193954-768x1024.jpg 768w, https:\/\/www.eidenberg-agenda21.info\/web2\/wp-content\/uploads\/2025\/04\/20250226_193954-225x300.jpg 225w, https:\/\/www.eidenberg-agenda21.info\/web2\/wp-content\/uploads\/2025\/04\/20250226_193954-1152x1536.jpg 1152w, https:\/\/www.eidenberg-agenda21.info\/web2\/wp-content\/uploads\/2025\/04\/20250226_193954-1536x2048.jpg 1536w, https:\/\/www.eidenberg-agenda21.info\/web2\/wp-content\/uploads\/2025\/04\/20250226_193954-scaled.jpg 1920w\" sizes=\"auto, (max-width: 768px) 100vw, 768px\" \/><\/figure>\n\n\n\n<figure class=\"wp-block-image size-large\"><img loading=\"lazy\" decoding=\"async\" width=\"1024\" height=\"560\" data-id=\"4621\" src=\"https:\/\/www.eidenberg-agenda21.info\/web2\/wp-content\/uploads\/2025\/04\/20250226_195736-1024x560.jpg\" alt=\"\" class=\"wp-image-4621\" srcset=\"https:\/\/www.eidenberg-agenda21.info\/web2\/wp-content\/uploads\/2025\/04\/20250226_195736-1024x560.jpg 1024w, https:\/\/www.eidenberg-agenda21.info\/web2\/wp-content\/uploads\/2025\/04\/20250226_195736-300x164.jpg 300w, https:\/\/www.eidenberg-agenda21.info\/web2\/wp-content\/uploads\/2025\/04\/20250226_195736-768x420.jpg 768w, https:\/\/www.eidenberg-agenda21.info\/web2\/wp-content\/uploads\/2025\/04\/20250226_195736-1536x839.jpg 1536w, https:\/\/www.eidenberg-agenda21.info\/web2\/wp-content\/uploads\/2025\/04\/20250226_195736-2048x1119.jpg 2048w\" sizes=\"auto, (max-width: 1024px) 100vw, 1024px\" \/><\/figure>\n\n\n\n<figure class=\"wp-block-image size-large\"><img loading=\"lazy\" decoding=\"async\" width=\"1024\" height=\"768\" data-id=\"4619\" src=\"https:\/\/www.eidenberg-agenda21.info\/web2\/wp-content\/uploads\/2025\/04\/20250226_202942-1024x768.jpg\" alt=\"\" class=\"wp-image-4619\" srcset=\"https:\/\/www.eidenberg-agenda21.info\/web2\/wp-content\/uploads\/2025\/04\/20250226_202942-1024x768.jpg 1024w, https:\/\/www.eidenberg-agenda21.info\/web2\/wp-content\/uploads\/2025\/04\/20250226_202942-300x225.jpg 300w, https:\/\/www.eidenberg-agenda21.info\/web2\/wp-content\/uploads\/2025\/04\/20250226_202942-768x576.jpg 768w, https:\/\/www.eidenberg-agenda21.info\/web2\/wp-content\/uploads\/2025\/04\/20250226_202942-1536x1152.jpg 1536w, https:\/\/www.eidenberg-agenda21.info\/web2\/wp-content\/uploads\/2025\/04\/20250226_202942-2048x1536.jpg 2048w\" sizes=\"auto, (max-width: 1024px) 100vw, 1024px\" \/><\/figure>\n\n\n\n<figure class=\"wp-block-image size-large\"><img loading=\"lazy\" decoding=\"async\" width=\"1024\" height=\"768\" data-id=\"4618\" src=\"https:\/\/www.eidenberg-agenda21.info\/web2\/wp-content\/uploads\/2025\/04\/IMG-20250301-WA0005-1024x768.jpg\" alt=\"\" class=\"wp-image-4618\" srcset=\"https:\/\/www.eidenberg-agenda21.info\/web2\/wp-content\/uploads\/2025\/04\/IMG-20250301-WA0005-1024x768.jpg 1024w, https:\/\/www.eidenberg-agenda21.info\/web2\/wp-content\/uploads\/2025\/04\/IMG-20250301-WA0005-300x225.jpg 300w, https:\/\/www.eidenberg-agenda21.info\/web2\/wp-content\/uploads\/2025\/04\/IMG-20250301-WA0005-768x576.jpg 768w, https:\/\/www.eidenberg-agenda21.info\/web2\/wp-content\/uploads\/2025\/04\/IMG-20250301-WA0005-1536x1152.jpg 1536w, https:\/\/www.eidenberg-agenda21.info\/web2\/wp-content\/uploads\/2025\/04\/IMG-20250301-WA0005.jpg 1600w\" sizes=\"auto, (max-width: 1024px) 100vw, 1024px\" \/><\/figure>\n<\/figure>\n\n\n\n<p>Eine wichtige Etappe wurde nun am 1. April 2025 erreicht! Dem Projektes wurde vom Projektaufsichtsgremium der Region Urfahr West einstimmig die F\u00f6rderzusage erteilt!<\/p>\n\n\n\n<p>Ganz wichtig ist es auch noch das geeignete Personal f\u00fcr den Betrieb zu finden. Wer also gerne Wareneinkauf, Fakturierung und allgemeinen Betriebsablauf organisiert &#8211; und das bei freier Zeiteinteilung (teilweise auch im Homeoffice), in Teilzeit oder geringf\u00fcgiger Besch\u00e4ftigung &#8211; kann sich hier verwirklichen. Externe Steuerberatung und die Begleitung durch den Vereinsvorstand unterst\u00fctzen das Arbeitsfeld. Kontaktieren sie Obmann Josef Madlmeir 0664 3203118 (telefonisch oder gerne per WhatsApp) oder per Email <a href=\"mailto:megs7@liwest.at\">megs7@liwest.at<\/a>.<\/p>\n\n\n\n<p>Schreiben Sie uns auch, wenn Sie noch gerne Mitglied werden wollen. Die Mitgliedschaft ist nicht auf das Gemeindegebiet begrenzt. Alle Personen ab 18 Jahren haben die M\u00f6glichkeit Mitglied zu werden.<\/p>\n\n\n\n<p><\/p>\n","protected":false},"excerpt":{"rendered":"<p>Es handelt sich dabei um eine Einkaufsgemeinschaft auf Vereinsbasis mit dem Namen \u201eMEGS 7\u201c und steht f\u00fcr: Modern Einfach G\u00fcnstig Schnell und 7 Tage verf\u00fcgbar. Das System ist vielversprechend und wird den Anforderungen des neuen Einkaufens gerecht. Es ist modern aufgebaut, aber trotzdem einfach zu h\u00e4ndeln. G\u00fcnstige Preise und schnelles Einkaufen bei m\u00f6glichst langer \u00d6ffnungszeit [&hellip;]<\/p>\n","protected":false},"author":1,"featured_media":4618,"comment_status":"closed","ping_status":"open","sticky":false,"template":"","format":"standard","meta":{"footnotes":""},"categories":[1],"tags":[],"class_list":["post-4616","post","type-post","status-publish","format-standard","has-post-thumbnail","hentry","category-news","post-wrapper","thrv_wrapper"],"_links":{"self":[{"href":"https:\/\/www.eidenberg-agenda21.info\/web2\/wp-json\/wp\/v2\/posts\/4616","targetHints":{"allow":["GET"]}}],"collection":[{"href":"https:\/\/www.eidenberg-agenda21.info\/web2\/wp-json\/wp\/v2\/posts"}],"about":[{"href":"https:\/\/www.eidenberg-agenda21.info\/web2\/wp-json\/wp\/v2\/types\/post"}],"author":[{"embeddable":true,"href":"https:\/\/www.eidenberg-agenda21.info\/web2\/wp-json\/wp\/v2\/users\/1"}],"replies":[{"embeddable":true,"href":"https:\/\/www.eidenberg-agenda21.info\/web2\/wp-json\/wp\/v2\/comments?post=4616"}],"version-history":[{"count":2,"href":"https:\/\/www.eidenberg-agenda21.info\/web2\/wp-json\/wp\/v2\/posts\/4616\/revisions"}],"predecessor-version":[{"id":4623,"href":"https:\/\/www.eidenberg-agenda21.info\/web2\/wp-json\/wp\/v2\/posts\/4616\/revisions\/4623"}],"wp:featuredmedia":[{"embeddable":true,"href":"https:\/\/www.eidenberg-agenda21.info\/web2\/wp-json\/wp\/v2\/media\/4618"}],"wp:attachment":[{"href":"https:\/\/www.eidenberg-agenda21.info\/web2\/wp-json\/wp\/v2\/media?parent=4616"}],"wp:term":[{"taxonomy":"category","embeddable":true,"href":"https:\/\/www.eidenberg-agenda21.info\/web2\/wp-json\/wp\/v2\/categories?post=4616"},{"taxonomy":"post_tag","embeddable":true,"href":"https:\/\/www.eidenberg-agenda21.info\/web2\/wp-json\/wp\/v2\/tags?post=4616"}],"curies":[{"name":"wp","href":"https:\/\/api.w.org\/{rel}","templated":true}]}}