{"id":4492,"date":"2024-12-03T17:59:09","date_gmt":"2024-12-03T16:59:09","guid":{"rendered":"https:\/\/www.eidenberg-agenda21.info\/web2\/?p=4492"},"modified":"2024-12-03T20:41:14","modified_gmt":"2024-12-03T19:41:14","slug":"gut-nah-versorgt-in-eidenberg","status":"publish","type":"post","link":"https:\/\/www.eidenberg-agenda21.info\/web2\/2024\/12\/gut-nah-versorgt-in-eidenberg\/","title":{"rendered":"Nahversorgung neu in Eidenberg"},"content":{"rendered":"\n<p><strong>Einladung zur Startveranstaltung am Dienstag, 10. Dezember 2024 um 19:00 Uhr im Dienstleistungszentrum Eidenberg<\/strong>.<\/p>\n\n\n\n<p>21 Jahre gab es S\u2019Gsch\u00e4ft in Eidenberg, eine Erfolgsstory die leider ein Ende gefunden hat. Nachdem dies auf Grund der Personalsituation zu bef\u00fcrchten war, hat sich eine Gruppe, initiiert vom Bgm. Adi Hinterh\u00f6lzl, entschlossen, die M\u00f6glichkeiten f\u00fcr einen neuen Nahversorgungsbetrieb auszuloten. Bis Jahresende 2024, so haben Josef Madlmeir und Anton Bauer beschlossen, wollen sie ein Konzept erstellen, wie eine Nahversorgung in Eidenberg funktionieren kann.<\/p>\n\n\n\n<p>Dabei wurden, begleitet von der SPES-Akademie, in einem Agenda Zukunft Themenprozess die unterschiedlichsten M\u00f6glichkeiten diskutiert. Viele gute Ideen und W\u00fcnsche mussten verworfen werden, da sie aus den verschiedensten Gr\u00fcnden nicht durchf\u00fchrbar waren. Schlie\u00dflich einigte sich die Gruppe auf eine neue und zukunftsorientierte Version des Gemeinschaftseinkauf mit einem Abhollager. Denn m\u00f6glichst g\u00fcnstig soll der Einkauf ja sein. Das geht nur wenn die Kosten m\u00f6glichst geringgehalten werden.<\/p>\n\n\n\n<p>Am Dienstag, <strong>10. Dezember 2024 um 19 Uhr im DLZ<\/strong> ist es jetzt so weit. Starten wir gemeinsam in eine neue Form des g\u00fcnstigen Einkaufs, der nur gemeinsam gelingen kann. Seien Sie Teil der <strong>Nahversorgung neu<\/strong>.<\/p>\n\n\n\n<figure class=\"wp-block-image size-large\"><img loading=\"lazy\" decoding=\"async\" width=\"724\" height=\"1024\" src=\"https:\/\/www.eidenberg-agenda21.info\/web2\/wp-content\/uploads\/2024\/12\/Nahversorgung_Startveranstaltung-724x1024.jpg\" alt=\"\" class=\"wp-image-4493\" srcset=\"https:\/\/www.eidenberg-agenda21.info\/web2\/wp-content\/uploads\/2024\/12\/Nahversorgung_Startveranstaltung-724x1024.jpg 724w, https:\/\/www.eidenberg-agenda21.info\/web2\/wp-content\/uploads\/2024\/12\/Nahversorgung_Startveranstaltung-212x300.jpg 212w, https:\/\/www.eidenberg-agenda21.info\/web2\/wp-content\/uploads\/2024\/12\/Nahversorgung_Startveranstaltung-768x1086.jpg 768w, https:\/\/www.eidenberg-agenda21.info\/web2\/wp-content\/uploads\/2024\/12\/Nahversorgung_Startveranstaltung-1086x1536.jpg 1086w, https:\/\/www.eidenberg-agenda21.info\/web2\/wp-content\/uploads\/2024\/12\/Nahversorgung_Startveranstaltung.jpg 1240w\" sizes=\"auto, (max-width: 724px) 100vw, 724px\" \/><\/figure>\n","protected":false},"excerpt":{"rendered":"<p>Einladung zur Startveranstaltung am Dienstag, 10. Dezember 2024 um 19:00 Uhr im Dienstleistungszentrum Eidenberg. 21 Jahre gab es S\u2019Gsch\u00e4ft in Eidenberg, eine Erfolgsstory die leider ein Ende gefunden hat. Nachdem dies auf Grund der Personalsituation zu bef\u00fcrchten war, hat sich eine Gruppe, initiiert vom Bgm. Adi Hinterh\u00f6lzl, entschlossen, die M\u00f6glichkeiten f\u00fcr einen neuen Nahversorgungsbetrieb auszuloten. [&hellip;]<\/p>\n","protected":false},"author":1,"featured_media":4493,"comment_status":"closed","ping_status":"open","sticky":false,"template":"","format":"standard","meta":{"footnotes":""},"categories":[1],"tags":[],"class_list":["post-4492","post","type-post","status-publish","format-standard","has-post-thumbnail","hentry","category-news","post-wrapper","thrv_wrapper"],"_links":{"self":[{"href":"https:\/\/www.eidenberg-agenda21.info\/web2\/wp-json\/wp\/v2\/posts\/4492","targetHints":{"allow":["GET"]}}],"collection":[{"href":"https:\/\/www.eidenberg-agenda21.info\/web2\/wp-json\/wp\/v2\/posts"}],"about":[{"href":"https:\/\/www.eidenberg-agenda21.info\/web2\/wp-json\/wp\/v2\/types\/post"}],"author":[{"embeddable":true,"href":"https:\/\/www.eidenberg-agenda21.info\/web2\/wp-json\/wp\/v2\/users\/1"}],"replies":[{"embeddable":true,"href":"https:\/\/www.eidenberg-agenda21.info\/web2\/wp-json\/wp\/v2\/comments?post=4492"}],"version-history":[{"count":4,"href":"https:\/\/www.eidenberg-agenda21.info\/web2\/wp-json\/wp\/v2\/posts\/4492\/revisions"}],"predecessor-version":[{"id":4497,"href":"https:\/\/www.eidenberg-agenda21.info\/web2\/wp-json\/wp\/v2\/posts\/4492\/revisions\/4497"}],"wp:featuredmedia":[{"embeddable":true,"href":"https:\/\/www.eidenberg-agenda21.info\/web2\/wp-json\/wp\/v2\/media\/4493"}],"wp:attachment":[{"href":"https:\/\/www.eidenberg-agenda21.info\/web2\/wp-json\/wp\/v2\/media?parent=4492"}],"wp:term":[{"taxonomy":"category","embeddable":true,"href":"https:\/\/www.eidenberg-agenda21.info\/web2\/wp-json\/wp\/v2\/categories?post=4492"},{"taxonomy":"post_tag","embeddable":true,"href":"https:\/\/www.eidenberg-agenda21.info\/web2\/wp-json\/wp\/v2\/tags?post=4492"}],"curies":[{"name":"wp","href":"https:\/\/api.w.org\/{rel}","templated":true}]}}