{"id":4367,"date":"2024-08-01T23:35:01","date_gmt":"2024-08-01T21:35:01","guid":{"rendered":"https:\/\/www.eidenberg-agenda21.info\/web2\/?p=4367"},"modified":"2024-08-22T08:37:47","modified_gmt":"2024-08-22T06:37:47","slug":"wanderausstellung-wie-wohnen-zukuenftiges-wohnen-am-land","status":"publish","type":"post","link":"https:\/\/www.eidenberg-agenda21.info\/web2\/2024\/08\/wanderausstellung-wie-wohnen-zukuenftiges-wohnen-am-land\/","title":{"rendered":"Wanderausstellung \u201eWIE WOHNEN \u2013 zuk\u00fcnftiges Wohnen am Land\u201c"},"content":{"rendered":"\n<p>Gemeinsam mit der Region UWE organisiert die Agenda21 Projektgruppe \u201ewohnen weiter denken\u201c eine Tour der Wanderausstellung \u201eWIE WOHNEN \u2013 zuk\u00fcnftiges Wohnen am Land\u201c in unserer Region!<\/p>\n\n\n\n<p>Gesellschaftliche und \u00f6kologische Bed\u00fcrfnisse \u00e4ndern sich und die Art des Wohnens darf hinterfragt werden: Welche Herausforderungen stellt die Zukunft an uns und wie kann Wohnen und Bauen diesen gerecht werden?<\/p>\n\n\n\n<p>Bei der Er\u00f6ffnungsveranstaltung am 6.Juni gab die Raumplanerin Claudia Sch\u00f6negger von Terra Cognita ihre Impulse zum Thema RAUM PLANEN und BODEN SPAREN.<\/p>\n\n\n\n<p><\/p>\n\n\n\n<p>Was eine gute Ortsentwicklung und sparsamen Bodenverbrauch verbindet zeigte der LandLuft-Film \u201eStadt Land Boden\u201c von Robert Schabus beim Filmabend am13.Juni.Da die Ressource Boden nur begrenzt verf\u00fcgbar ist, braucht es ein Umdenken. Mancherorts haben engagierte Menschen bereits damit begonnen. Der Film \u00fcber beispielgebende Gemeinden und St\u00e4dte <a href=\"http:\/\/www.landluft.at\/projekt\/stadt-land-boden\">www.landluft.at\/projekt\/stadt-land-boden <\/a><\/p>\n\n\n\n<figure class=\"wp-block-gallery has-nested-images columns-default is-cropped wp-block-gallery-1 is-layout-flex wp-block-gallery-is-layout-flex\">\n<figure class=\"wp-block-image size-large\"><img loading=\"lazy\" decoding=\"async\" width=\"1024\" height=\"768\" data-id=\"4391\" src=\"https:\/\/www.eidenberg-agenda21.info\/web2\/wp-content\/uploads\/2024\/07\/20240605_212325-1-1024x768.jpg\" alt=\"\" class=\"wp-image-4391\" srcset=\"https:\/\/www.eidenberg-agenda21.info\/web2\/wp-content\/uploads\/2024\/07\/20240605_212325-1-1024x768.jpg 1024w, https:\/\/www.eidenberg-agenda21.info\/web2\/wp-content\/uploads\/2024\/07\/20240605_212325-1-300x225.jpg 300w, https:\/\/www.eidenberg-agenda21.info\/web2\/wp-content\/uploads\/2024\/07\/20240605_212325-1-768x576.jpg 768w, https:\/\/www.eidenberg-agenda21.info\/web2\/wp-content\/uploads\/2024\/07\/20240605_212325-1-1536x1152.jpg 1536w, https:\/\/www.eidenberg-agenda21.info\/web2\/wp-content\/uploads\/2024\/07\/20240605_212325-1-2048x1536.jpg 2048w\" sizes=\"auto, (max-width: 1024px) 100vw, 1024px\" \/><\/figure>\n\n\n\n<figure class=\"wp-block-image size-large\"><img decoding=\"async\" data-id=\"4390\" src=\"https:\/\/www.eidenberg-agenda21.info\/web2\/wp-content\/uploads\/2024\/07\/20240605_211419-1.jpg\" alt=\"\" class=\"wp-image-4390\"\/><\/figure>\n\n\n\n<figure class=\"wp-block-image size-large\"><img loading=\"lazy\" decoding=\"async\" width=\"727\" height=\"1024\" data-id=\"4389\" src=\"https:\/\/www.eidenberg-agenda21.info\/web2\/wp-content\/uploads\/2024\/07\/20240606_235840-1-727x1024.jpg\" alt=\"\" class=\"wp-image-4389\" srcset=\"https:\/\/www.eidenberg-agenda21.info\/web2\/wp-content\/uploads\/2024\/07\/20240606_235840-1-727x1024.jpg 727w, https:\/\/www.eidenberg-agenda21.info\/web2\/wp-content\/uploads\/2024\/07\/20240606_235840-1-213x300.jpg 213w, https:\/\/www.eidenberg-agenda21.info\/web2\/wp-content\/uploads\/2024\/07\/20240606_235840-1-scaled.jpg 1818w\" sizes=\"auto, (max-width: 727px) 100vw, 727px\" \/><\/figure>\n\n\n\n<figure class=\"wp-block-image size-large\"><img decoding=\"async\" data-id=\"4388\" src=\"https:\/\/www.eidenberg-agenda21.info\/web2\/wp-content\/uploads\/2024\/07\/20240606_235828-1.jpg\" alt=\"\" class=\"wp-image-4388\"\/><\/figure>\n\n\n\n<figure class=\"wp-block-image size-large\"><img loading=\"lazy\" decoding=\"async\" width=\"1024\" height=\"738\" data-id=\"4387\" src=\"https:\/\/www.eidenberg-agenda21.info\/web2\/wp-content\/uploads\/2024\/07\/20240606_210751-1-1024x738.jpg\" alt=\"\" class=\"wp-image-4387\" srcset=\"https:\/\/www.eidenberg-agenda21.info\/web2\/wp-content\/uploads\/2024\/07\/20240606_210751-1-1024x738.jpg 1024w, https:\/\/www.eidenberg-agenda21.info\/web2\/wp-content\/uploads\/2024\/07\/20240606_210751-1-300x216.jpg 300w, https:\/\/www.eidenberg-agenda21.info\/web2\/wp-content\/uploads\/2024\/07\/20240606_210751-1-768x554.jpg 768w, https:\/\/www.eidenberg-agenda21.info\/web2\/wp-content\/uploads\/2024\/07\/20240606_210751-1-1536x1107.jpg 1536w, https:\/\/www.eidenberg-agenda21.info\/web2\/wp-content\/uploads\/2024\/07\/20240606_210751-1-2048x1477.jpg 2048w\" sizes=\"auto, (max-width: 1024px) 100vw, 1024px\" \/><\/figure>\n\n\n\n<figure class=\"wp-block-image size-large\"><img loading=\"lazy\" decoding=\"async\" width=\"2560\" height=\"1586\" data-id=\"4386\" src=\"https:\/\/www.eidenberg-agenda21.info\/web2\/wp-content\/uploads\/2024\/07\/20240606_210818-1-scaled.jpg\" alt=\"\" class=\"wp-image-4386\" srcset=\"https:\/\/www.eidenberg-agenda21.info\/web2\/wp-content\/uploads\/2024\/07\/20240606_210818-1-scaled.jpg 2560w, https:\/\/www.eidenberg-agenda21.info\/web2\/wp-content\/uploads\/2024\/07\/20240606_210818-1-300x186.jpg 300w\" sizes=\"auto, (max-width: 2560px) 100vw, 2560px\" \/><\/figure>\n\n\n\n<figure class=\"wp-block-image size-large\"><img decoding=\"async\" data-id=\"4385\" src=\"https:\/\/www.eidenberg-agenda21.info\/web2\/wp-content\/uploads\/2024\/07\/20240606_203149-1.jpg\" alt=\"\" class=\"wp-image-4385\"\/><\/figure>\n\n\n\n<figure class=\"wp-block-image size-large\"><img decoding=\"async\" data-id=\"4384\" src=\"https:\/\/www.eidenberg-agenda21.info\/web2\/wp-content\/uploads\/2024\/07\/20240607_190849-1.jpg\" alt=\"\" class=\"wp-image-4384\"\/><\/figure>\n\n\n\n<figure class=\"wp-block-image size-large\"><img loading=\"lazy\" decoding=\"async\" width=\"1503\" height=\"2560\" data-id=\"4382\" src=\"https:\/\/www.eidenberg-agenda21.info\/web2\/wp-content\/uploads\/2024\/07\/20240606_235809-1-scaled.jpg\" alt=\"\" class=\"wp-image-4382\" srcset=\"https:\/\/www.eidenberg-agenda21.info\/web2\/wp-content\/uploads\/2024\/07\/20240606_235809-1-scaled.jpg 1503w, https:\/\/www.eidenberg-agenda21.info\/web2\/wp-content\/uploads\/2024\/07\/20240606_235809-1-176x300.jpg 176w\" sizes=\"auto, (max-width: 1503px) 100vw, 1503px\" \/><\/figure>\n\n\n\n<figure class=\"wp-block-image size-large\"><img loading=\"lazy\" decoding=\"async\" width=\"965\" height=\"1024\" data-id=\"4383\" src=\"https:\/\/www.eidenberg-agenda21.info\/web2\/wp-content\/uploads\/2024\/07\/20240607_190837-1-965x1024.jpg\" alt=\"\" class=\"wp-image-4383\" srcset=\"https:\/\/www.eidenberg-agenda21.info\/web2\/wp-content\/uploads\/2024\/07\/20240607_190837-1-965x1024.jpg 965w, https:\/\/www.eidenberg-agenda21.info\/web2\/wp-content\/uploads\/2024\/07\/20240607_190837-1-283x300.jpg 283w\" sizes=\"auto, (max-width: 965px) 100vw, 965px\" \/><\/figure>\n<\/figure>\n\n\n\n<div data-wp-interactive=\"core\/file\" class=\"wp-block-file\"><object data-wp-bind--hidden=\"!state.hasPdfPreview\" hidden class=\"wp-block-file__embed\" data=\"https:\/\/www.eidenberg-agenda21.info\/web2\/wp-content\/uploads\/2024\/07\/Eidenberg_Ausstellungseroeffnung_Bodensparen_06_06_2024_TC.pdf\" type=\"application\/pdf\" style=\"width:100%;height:600px\" aria-label=\"Einbettung von Eidenberg_Ausstellungseroeffnung_Bodensparen_06_06_2024_TC.\"><\/object><a id=\"wp-block-file--media-efdcc3bc-66d8-409b-a767-eb2a1ab19f31\" href=\"https:\/\/www.eidenberg-agenda21.info\/web2\/wp-content\/uploads\/2024\/07\/Eidenberg_Ausstellungseroeffnung_Bodensparen_06_06_2024_TC.pdf\">Eidenberg_Ausstellungseroeffnung_Bodensparen_06_06_2024_TC<\/a><a href=\"https:\/\/www.eidenberg-agenda21.info\/web2\/wp-content\/uploads\/2024\/07\/Eidenberg_Ausstellungseroeffnung_Bodensparen_06_06_2024_TC.pdf\" class=\"wp-block-file__button wp-element-button\" download aria-describedby=\"wp-block-file--media-efdcc3bc-66d8-409b-a767-eb2a1ab19f31\">Herunterladen<\/a><\/div>\n","protected":false},"excerpt":{"rendered":"<p>Gemeinsam mit der Region UWE organisiert die Agenda21 Projektgruppe \u201ewohnen weiter denken\u201c eine Tour der Wanderausstellung \u201eWIE WOHNEN \u2013 zuk\u00fcnftiges Wohnen am Land\u201c in unserer Region! Gesellschaftliche und \u00f6kologische Bed\u00fcrfnisse \u00e4ndern sich und die Art des Wohnens darf hinterfragt werden: Welche Herausforderungen stellt die Zukunft an uns und wie kann Wohnen und Bauen diesen gerecht [&hellip;]<\/p>\n","protected":false},"author":1,"featured_media":4390,"comment_status":"closed","ping_status":"open","sticky":false,"template":"","format":"standard","meta":{"footnotes":""},"categories":[1],"tags":[],"class_list":["post-4367","post","type-post","status-publish","format-standard","has-post-thumbnail","hentry","category-news","post-wrapper","thrv_wrapper"],"_links":{"self":[{"href":"https:\/\/www.eidenberg-agenda21.info\/web2\/wp-json\/wp\/v2\/posts\/4367","targetHints":{"allow":["GET"]}}],"collection":[{"href":"https:\/\/www.eidenberg-agenda21.info\/web2\/wp-json\/wp\/v2\/posts"}],"about":[{"href":"https:\/\/www.eidenberg-agenda21.info\/web2\/wp-json\/wp\/v2\/types\/post"}],"author":[{"embeddable":true,"href":"https:\/\/www.eidenberg-agenda21.info\/web2\/wp-json\/wp\/v2\/users\/1"}],"replies":[{"embeddable":true,"href":"https:\/\/www.eidenberg-agenda21.info\/web2\/wp-json\/wp\/v2\/comments?post=4367"}],"version-history":[{"count":3,"href":"https:\/\/www.eidenberg-agenda21.info\/web2\/wp-json\/wp\/v2\/posts\/4367\/revisions"}],"predecessor-version":[{"id":4393,"href":"https:\/\/www.eidenberg-agenda21.info\/web2\/wp-json\/wp\/v2\/posts\/4367\/revisions\/4393"}],"wp:featuredmedia":[{"embeddable":true,"href":"https:\/\/www.eidenberg-agenda21.info\/web2\/wp-json\/wp\/v2\/media\/4390"}],"wp:attachment":[{"href":"https:\/\/www.eidenberg-agenda21.info\/web2\/wp-json\/wp\/v2\/media?parent=4367"}],"wp:term":[{"taxonomy":"category","embeddable":true,"href":"https:\/\/www.eidenberg-agenda21.info\/web2\/wp-json\/wp\/v2\/categories?post=4367"},{"taxonomy":"post_tag","embeddable":true,"href":"https:\/\/www.eidenberg-agenda21.info\/web2\/wp-json\/wp\/v2\/tags?post=4367"}],"curies":[{"name":"wp","href":"https:\/\/api.w.org\/{rel}","templated":true}]}}