{"id":4334,"date":"2024-05-09T11:20:27","date_gmt":"2024-05-09T09:20:27","guid":{"rendered":"https:\/\/www.eidenberg-agenda21.info\/web2\/2024\/05\/repair-im-mai-2024\/"},"modified":"2024-05-09T11:25:00","modified_gmt":"2024-05-09T09:25:00","slug":"repair-im-mai-2024","status":"publish","type":"post","link":"https:\/\/www.eidenberg-agenda21.info\/web2\/2024\/05\/repair-im-mai-2024\/","title":{"rendered":"repair im mai 2024"},"content":{"rendered":"<p class=\"MsoNormal\"><span style=\"font-size: 20.0pt\">repair im mai 2024<\/span><\/p>\n<p class=\"MsoNormal\"><span style=\"font-size: 18.0pt\">\u00a0<\/span><\/p>\n<p class=\"MsoNormal\"><span style=\"font-size: 18.0pt\">heute war es irgendwie komisch. es war fast nichts los und so mussten wir unsere mehlspeise und andere s\u00fcssigkeiten fast ganz alleine verspeisen, war aber auch nicht so schlecht, nur uns war dann fast schlecht. nat\u00fcrlich gabs ein paar sachen zum richten und fad wird uns sowieso nicht und weil auch 6 jahre repair anstand, so hab ich ein paar pralinen mit dem re.b\u00e4r-logo anfertigen lassen,\u00a0\u00a0 f\u00fcr uns und f\u00fcr ein paar g\u00e4ste<\/span><\/p>\n<p class=\"MsoNormal\"><span style=\"font-size: 18.0pt\">\u00a0<\/span><\/p>\n<p class=\"MsoNormal\"><span style=\"font-size: 18.0pt\">eine kabeltrommel wo der \u00fcberhitzungsschutz nicht mehr funktionierte, wurde f\u00fcrs erste mal \u00fcberbr\u00fcckt<\/span><\/p>\n<p class=\"MsoNormal\"><span style=\"font-size: 18.0pt\">\u00a0<\/span><\/p>\n<p class=\"MsoNormal\"><span style=\"font-size: 18.0pt\">ein akkumixer wo die akkus schon schw\u00e4cheln, wir probieren es nochmal mit einer h\u00f6heren ladespannung, aber nur ganz kurz, vielleicht erinnern sich dann die akkuzellen was ihre aufgabe ist, mal abwarten<\/span><\/p>\n<p class=\"MsoNormal\"><span style=\"font-size: 18.0pt\">\u00a0<\/span><\/p>\n<p class=\"MsoNormal\"><span style=\"font-size: 18.0pt\">bei einer campingliege ist ein ,,plastikrad,, gebrochen, muss man noch \u00fcberlegen was da m\u00f6glich w\u00e4re, mit verst\u00e4rkung und so<\/span><\/p>\n<p class=\"MsoNormal\"><span style=\"font-size: 18.0pt\">\u00a0<\/span><\/p>\n<p class=\"MsoNormal\"><span style=\"font-size: 18.0pt\">bei einem kinderfahrrad war der seilzug bei der vorderbremse hin\u00fcber, da wir nat\u00fcrlich keine ersatzteile haben, so wurde etwas improvisiert<\/span><\/p>\n<p class=\"MsoNormal\"><span style=\"font-size: 18.0pt\">\u00a0<\/span><\/p>\n<p class=\"MsoNormal\"><span style=\"font-size: 18.0pt\">und bei einer brotschneidemaschine wurde das kabel neu angeschlossen<\/span><\/p>\n<p class=\"MsoNormal\"><span style=\"font-size: 18.0pt\">\u00a0<\/span><\/p>\n<p class=\"MsoNormal\"><span style=\"font-size: 18.0pt\">mehr war heute nicht zu tun, da anscheinend viele ausgeflogen weil feier- und zwickeltage.\u00a0\u00a0 und weil der re.b\u00e4r mit seinem repaircafe eben 6 jahre alt wurde, so gabs dann noch gaaanz lange was zum reden und scherzen\u00a0 \u00a0und ein paar foto auf ,,eidenberg.at,,<\/span><\/p>\n","protected":false},"excerpt":{"rendered":"<p>repair im mai 2024 \u00a0 heute war es irgendwie komisch. es war fast nichts los und so mussten wir unsere mehlspeise und andere s\u00fcssigkeiten fast ganz alleine verspeisen, war aber auch nicht so schlecht, nur uns war dann fast schlecht. nat\u00fcrlich gabs ein paar sachen zum richten und fad wird uns sowieso nicht und weil [&hellip;]<\/p>\n","protected":false},"author":6,"featured_media":4335,"comment_status":"open","ping_status":"open","sticky":false,"template":"","format":"standard","meta":{"footnotes":""},"categories":[1],"tags":[142],"class_list":["post-4334","post","type-post","status-publish","format-standard","has-post-thumbnail","hentry","category-news","tag-repair","post-wrapper","thrv_wrapper"],"_links":{"self":[{"href":"https:\/\/www.eidenberg-agenda21.info\/web2\/wp-json\/wp\/v2\/posts\/4334","targetHints":{"allow":["GET"]}}],"collection":[{"href":"https:\/\/www.eidenberg-agenda21.info\/web2\/wp-json\/wp\/v2\/posts"}],"about":[{"href":"https:\/\/www.eidenberg-agenda21.info\/web2\/wp-json\/wp\/v2\/types\/post"}],"author":[{"embeddable":true,"href":"https:\/\/www.eidenberg-agenda21.info\/web2\/wp-json\/wp\/v2\/users\/6"}],"replies":[{"embeddable":true,"href":"https:\/\/www.eidenberg-agenda21.info\/web2\/wp-json\/wp\/v2\/comments?post=4334"}],"version-history":[{"count":2,"href":"https:\/\/www.eidenberg-agenda21.info\/web2\/wp-json\/wp\/v2\/posts\/4334\/revisions"}],"predecessor-version":[{"id":4337,"href":"https:\/\/www.eidenberg-agenda21.info\/web2\/wp-json\/wp\/v2\/posts\/4334\/revisions\/4337"}],"wp:featuredmedia":[{"embeddable":true,"href":"https:\/\/www.eidenberg-agenda21.info\/web2\/wp-json\/wp\/v2\/media\/4335"}],"wp:attachment":[{"href":"https:\/\/www.eidenberg-agenda21.info\/web2\/wp-json\/wp\/v2\/media?parent=4334"}],"wp:term":[{"taxonomy":"category","embeddable":true,"href":"https:\/\/www.eidenberg-agenda21.info\/web2\/wp-json\/wp\/v2\/categories?post=4334"},{"taxonomy":"post_tag","embeddable":true,"href":"https:\/\/www.eidenberg-agenda21.info\/web2\/wp-json\/wp\/v2\/tags?post=4334"}],"curies":[{"name":"wp","href":"https:\/\/api.w.org\/{rel}","templated":true}]}}