{"id":4307,"date":"2024-03-27T15:52:33","date_gmt":"2024-03-27T14:52:33","guid":{"rendered":"https:\/\/www.eidenberg-agenda21.info\/web2\/?p=4307"},"modified":"2024-04-05T12:09:26","modified_gmt":"2024-04-05T10:09:26","slug":"zukunft-der-nahversorgung-in-eidenberg","status":"publish","type":"post","link":"https:\/\/www.eidenberg-agenda21.info\/web2\/2024\/03\/zukunft-der-nahversorgung-in-eidenberg\/","title":{"rendered":"Zukunft der Nahversorgung in Eidenberg"},"content":{"rendered":"\n<p>Eine eigene Nahversorgung, also das S\u2019Gsch\u00e4ft in Eidenberg, war und ist ein wichtiger Bestandteil f\u00fcr die Eidenberger Bev\u00f6lkerung. Dieses Ergebnis hat auch der letzte Agenda.Zukunft &#8211; Prozess sehr deutlich aufgezeigt.<\/p>\n\n\n\n<p>Nach 20 Jahren beendet nun die bisherige Gesch\u00e4ftsf\u00fchrerin Steffi Grasb\u00f6ck mit Jahresende 2024 ihre T\u00e4tigkeit. Daher wird es notwendig der Nahversorgung einen neuen Impuls zu geben, um diese einerseits zu erhalten, aber auch um Verbesserungen vorzunehmen.<\/p>\n\n\n\n<p>Vom Gemeinderat wurde ein eigener Follow-up Prozess in Auftrag gegeben, um sich diesem Thema anzunehmen. Begleitet wird der Prozess von Tamara Wintereder und Bernhard Mittermayr von der SPES Zukunftsakademie. Ansprechpersonen in Eidenberg sind Anton Bauer und Josef Madlmeir, die sich als Koordinatoren gemeinsam mit einer Projektgruppe um eine zukunftsf\u00e4hige Nahversorgung bem\u00fchen.<\/p>\n\n\n\n<p>Daf\u00fcr werden gerade die vorhandenen Ideen geb\u00fcndelt und M\u00f6glichkeiten der zuk\u00fcnftigen Gestaltung ausgelotet. Die Projektgruppe entstand aus dem Agenda.Zukunft Prozess und wird von weiteren aktiven Mitwirkenden bereichert.<\/p>\n\n\n\n<p>Jetzt werden die Direktvermarktenden aus der Umgebung eingebunden und Kooperationsm\u00f6glichkeiten abgekl\u00e4rt.&nbsp; Regionalit\u00e4t war ein oft genannter Wunsch im Agenda.Zukunft Prozess.<\/p>\n\n\n\n<p><strong>Wer sich\u00a0 an diesem Prozess beteiligen m\u00f6chte, ist eingeladen beim n\u00e4chsten Treffen <\/strong><\/p>\n\n\n\n<h2 class=\"wp-block-heading\"><strong>am 2. 4. 2024 um 19:00 Uhr im DLZ Eidenberg <\/strong><\/h2>\n\n\n\n<p><strong>mitzuarbeiten. Wir freuen uns gemeinsam an einer zukunftsf\u00e4higen Nahversorgung in Eidenberg zu arbeiten!<\/strong><\/p>\n\n\n\n<figure class=\"wp-block-image size-large\"><img loading=\"lazy\" decoding=\"async\" width=\"1024\" height=\"768\" src=\"https:\/\/www.eidenberg-agenda21.info\/web2\/wp-content\/uploads\/2024\/03\/IMG_9686-1024x768.jpg\" alt=\"\" class=\"wp-image-4308\" srcset=\"https:\/\/www.eidenberg-agenda21.info\/web2\/wp-content\/uploads\/2024\/03\/IMG_9686-1024x768.jpg 1024w, https:\/\/www.eidenberg-agenda21.info\/web2\/wp-content\/uploads\/2024\/03\/IMG_9686-300x225.jpg 300w, https:\/\/www.eidenberg-agenda21.info\/web2\/wp-content\/uploads\/2024\/03\/IMG_9686-768x576.jpg 768w, https:\/\/www.eidenberg-agenda21.info\/web2\/wp-content\/uploads\/2024\/03\/IMG_9686-1536x1152.jpg 1536w, https:\/\/www.eidenberg-agenda21.info\/web2\/wp-content\/uploads\/2024\/03\/IMG_9686-2048x1536.jpg 2048w\" sizes=\"auto, (max-width: 1024px) 100vw, 1024px\" \/><\/figure>\n\n\n\n<figure class=\"wp-block-image size-large\"><img loading=\"lazy\" decoding=\"async\" width=\"1024\" height=\"354\" src=\"https:\/\/www.eidenberg-agenda21.info\/web2\/wp-content\/uploads\/2024\/03\/agenda.zukunft-Foerderleiste-1024x354.jpg\" alt=\"\" class=\"wp-image-4309\" srcset=\"https:\/\/www.eidenberg-agenda21.info\/web2\/wp-content\/uploads\/2024\/03\/agenda.zukunft-Foerderleiste-1024x354.jpg 1024w, https:\/\/www.eidenberg-agenda21.info\/web2\/wp-content\/uploads\/2024\/03\/agenda.zukunft-Foerderleiste-300x104.jpg 300w, https:\/\/www.eidenberg-agenda21.info\/web2\/wp-content\/uploads\/2024\/03\/agenda.zukunft-Foerderleiste-768x266.jpg 768w, https:\/\/www.eidenberg-agenda21.info\/web2\/wp-content\/uploads\/2024\/03\/agenda.zukunft-Foerderleiste.jpg 1535w\" sizes=\"auto, (max-width: 1024px) 100vw, 1024px\" \/><\/figure>\n","protected":false},"excerpt":{"rendered":"<p>Eine eigene Nahversorgung, also das S\u2019Gsch\u00e4ft in Eidenberg, war und ist ein wichtiger Bestandteil f\u00fcr die Eidenberger Bev\u00f6lkerung. Dieses Ergebnis hat auch der letzte Agenda.Zukunft &#8211; Prozess sehr deutlich aufgezeigt. Nach 20 Jahren beendet nun die bisherige Gesch\u00e4ftsf\u00fchrerin Steffi Grasb\u00f6ck mit Jahresende 2024 ihre T\u00e4tigkeit. Daher wird es notwendig der Nahversorgung einen neuen Impuls zu [&hellip;]<\/p>\n","protected":false},"author":1,"featured_media":4308,"comment_status":"closed","ping_status":"open","sticky":false,"template":"","format":"standard","meta":{"footnotes":""},"categories":[1],"tags":[],"class_list":["post-4307","post","type-post","status-publish","format-standard","has-post-thumbnail","hentry","category-news","post-wrapper","thrv_wrapper"],"_links":{"self":[{"href":"https:\/\/www.eidenberg-agenda21.info\/web2\/wp-json\/wp\/v2\/posts\/4307","targetHints":{"allow":["GET"]}}],"collection":[{"href":"https:\/\/www.eidenberg-agenda21.info\/web2\/wp-json\/wp\/v2\/posts"}],"about":[{"href":"https:\/\/www.eidenberg-agenda21.info\/web2\/wp-json\/wp\/v2\/types\/post"}],"author":[{"embeddable":true,"href":"https:\/\/www.eidenberg-agenda21.info\/web2\/wp-json\/wp\/v2\/users\/1"}],"replies":[{"embeddable":true,"href":"https:\/\/www.eidenberg-agenda21.info\/web2\/wp-json\/wp\/v2\/comments?post=4307"}],"version-history":[{"count":3,"href":"https:\/\/www.eidenberg-agenda21.info\/web2\/wp-json\/wp\/v2\/posts\/4307\/revisions"}],"predecessor-version":[{"id":4312,"href":"https:\/\/www.eidenberg-agenda21.info\/web2\/wp-json\/wp\/v2\/posts\/4307\/revisions\/4312"}],"wp:featuredmedia":[{"embeddable":true,"href":"https:\/\/www.eidenberg-agenda21.info\/web2\/wp-json\/wp\/v2\/media\/4308"}],"wp:attachment":[{"href":"https:\/\/www.eidenberg-agenda21.info\/web2\/wp-json\/wp\/v2\/media?parent=4307"}],"wp:term":[{"taxonomy":"category","embeddable":true,"href":"https:\/\/www.eidenberg-agenda21.info\/web2\/wp-json\/wp\/v2\/categories?post=4307"},{"taxonomy":"post_tag","embeddable":true,"href":"https:\/\/www.eidenberg-agenda21.info\/web2\/wp-json\/wp\/v2\/tags?post=4307"}],"curies":[{"name":"wp","href":"https:\/\/api.w.org\/{rel}","templated":true}]}}