{"id":3743,"date":"2023-05-24T21:44:46","date_gmt":"2023-05-24T19:44:46","guid":{"rendered":"https:\/\/www.eidenberg-agenda21.info\/web2\/?p=3743"},"modified":"2023-11-10T14:30:14","modified_gmt":"2023-11-10T13:30:14","slug":"ergebnisse-der-umfrage-zum-oeffentlichen-verkehr-in-eidenberg","status":"publish","type":"post","link":"https:\/\/www.eidenberg-agenda21.info\/web2\/2023\/05\/ergebnisse-der-umfrage-zum-oeffentlichen-verkehr-in-eidenberg\/","title":{"rendered":"Ergebnisse der Umfrage zum \u00f6ffentlichen Verkehr in Eidenberg"},"content":{"rendered":"\n<p>Wir haben die Eidenbergerinnen und Eidenberger gebeten uns ihre Meinung zu \u00d6ffis mitzuteilen. Nicht weniger als 121 (!) Personen haben an dieser Umfrage teilgenommen. <\/p>\n\n\n\n<p>Vielen Dank an Euch alle die sich die Zeit genommen haben den Fragebogen auszuf\u00fcllen.<\/p>\n\n\n\n<p>Die Ergebnisse zeigen vor allem eines: das Thema \u00d6ffentlicher Verkehr ist vielen in unserer Gemeinde ein wichtiges Anliegen. Es ist f\u00fcr uns eine Best\u00e4tigung, dass die Arbeit, die wir machen eine wichtige ist.<\/p>\n\n\n\n<p>Wir m\u00f6chten euch die wichtigsten Ergebnisse pr\u00e4sentieren:<\/p>\n\n\n\n<figure class=\"wp-block-image size-large\"><img loading=\"lazy\" decoding=\"async\" width=\"1024\" height=\"470\" src=\"https:\/\/www.eidenberg-agenda21.info\/web2\/wp-content\/uploads\/2023\/05\/image-1024x470.png\" alt=\"\" class=\"wp-image-3744\" srcset=\"https:\/\/www.eidenberg-agenda21.info\/web2\/wp-content\/uploads\/2023\/05\/image-1024x470.png 1024w, https:\/\/www.eidenberg-agenda21.info\/web2\/wp-content\/uploads\/2023\/05\/image-300x138.png 300w, https:\/\/www.eidenberg-agenda21.info\/web2\/wp-content\/uploads\/2023\/05\/image-768x353.png 768w, https:\/\/www.eidenberg-agenda21.info\/web2\/wp-content\/uploads\/2023\/05\/image-1536x706.png 1536w, https:\/\/www.eidenberg-agenda21.info\/web2\/wp-content\/uploads\/2023\/05\/image.png 1587w\" sizes=\"auto, (max-width: 1024px) 100vw, 1024px\" \/><\/figure>\n\n\n\n<p>Ein Gro\u00dfteil der Personen hat angegeben, dass sie die \u00f6ffentlichen Verkehrsmittel auch mehr nutzen w\u00fcrden, wenn das Angebot besser w\u00e4re:<br><\/p>\n\n\n\n<figure class=\"wp-block-image size-large\"><img loading=\"lazy\" decoding=\"async\" width=\"1024\" height=\"397\" src=\"https:\/\/www.eidenberg-agenda21.info\/web2\/wp-content\/uploads\/2023\/05\/image-1-1024x397.png\" alt=\"\" class=\"wp-image-3745\" srcset=\"https:\/\/www.eidenberg-agenda21.info\/web2\/wp-content\/uploads\/2023\/05\/image-1-1024x397.png 1024w, https:\/\/www.eidenberg-agenda21.info\/web2\/wp-content\/uploads\/2023\/05\/image-1-300x116.png 300w, https:\/\/www.eidenberg-agenda21.info\/web2\/wp-content\/uploads\/2023\/05\/image-1-768x298.png 768w, https:\/\/www.eidenberg-agenda21.info\/web2\/wp-content\/uploads\/2023\/05\/image-1-1536x596.png 1536w, https:\/\/www.eidenberg-agenda21.info\/web2\/wp-content\/uploads\/2023\/05\/image-1.png 1671w\" sizes=\"auto, (max-width: 1024px) 100vw, 1024px\" \/><\/figure>\n\n\n\n<p>Auf die Frage was verbesserungsw\u00fcrdig ist wurde angegeben, dass es h\u00e4ufigere Abfahrts- und Ankunftszeiten geben sollte (79%), Haltestellen zu Fu\u00df erreichbar (38%) und Ziele innerhalb der Gemeinde (z.B. B\u00fccherei, Arzt, etc.) gut und zu den \u00d6ffnungszeiten erreichbar sein m\u00fcssten (31%).<br><\/p>\n\n\n\n<p>Zudem wurde von einigen angegeben, dass sie sich vor allem vormittags, am sp\u00e4ten Abend und an den Wochenenden eine bessere Verbindung w\u00fcnschen.<br><\/p>\n\n\n\n<figure class=\"wp-block-image size-large\"><img loading=\"lazy\" decoding=\"async\" width=\"1024\" height=\"267\" src=\"https:\/\/www.eidenberg-agenda21.info\/web2\/wp-content\/uploads\/2023\/05\/image-2-1024x267.png\" alt=\"\" class=\"wp-image-3746\" srcset=\"https:\/\/www.eidenberg-agenda21.info\/web2\/wp-content\/uploads\/2023\/05\/image-2-1024x267.png 1024w, https:\/\/www.eidenberg-agenda21.info\/web2\/wp-content\/uploads\/2023\/05\/image-2-300x78.png 300w, https:\/\/www.eidenberg-agenda21.info\/web2\/wp-content\/uploads\/2023\/05\/image-2-768x200.png 768w, https:\/\/www.eidenberg-agenda21.info\/web2\/wp-content\/uploads\/2023\/05\/image-2.png 1514w\" sizes=\"auto, (max-width: 1024px) 100vw, 1024px\" \/><\/figure>\n\n\n\n<p>Wie geht es nun weiter?Unser Ziel war es uns ein Bild davon zu machen wie die B\u00fcrgerinnen und B\u00fcrger \u00fcber \u00f6ffentlichen Verkehr denken. Wir sehen uns best\u00e4tigt unsere Arbeit fortzusetzen und uns weiterhin f\u00fcr eine verbesserten \u00f6ffentlichen Verkehr in unserer Gemeinde einzusetzen!<\/p>\n","protected":false},"excerpt":{"rendered":"<p>Wir haben die Eidenbergerinnen und Eidenberger gebeten uns ihre Meinung zu \u00d6ffis mitzuteilen. Nicht weniger als 121 (!) Personen haben an dieser Umfrage teilgenommen. Vielen Dank an Euch alle die sich die Zeit genommen haben den Fragebogen auszuf\u00fcllen. Die Ergebnisse zeigen vor allem eines: das Thema \u00d6ffentlicher Verkehr ist vielen in unserer Gemeinde ein wichtiges [&hellip;]<\/p>\n","protected":false},"author":1,"featured_media":3747,"comment_status":"closed","ping_status":"open","sticky":false,"template":"","format":"standard","meta":{"footnotes":""},"categories":[1],"tags":[],"class_list":["post-3743","post","type-post","status-publish","format-standard","has-post-thumbnail","hentry","category-news","post-wrapper","thrv_wrapper"],"_links":{"self":[{"href":"https:\/\/www.eidenberg-agenda21.info\/web2\/wp-json\/wp\/v2\/posts\/3743","targetHints":{"allow":["GET"]}}],"collection":[{"href":"https:\/\/www.eidenberg-agenda21.info\/web2\/wp-json\/wp\/v2\/posts"}],"about":[{"href":"https:\/\/www.eidenberg-agenda21.info\/web2\/wp-json\/wp\/v2\/types\/post"}],"author":[{"embeddable":true,"href":"https:\/\/www.eidenberg-agenda21.info\/web2\/wp-json\/wp\/v2\/users\/1"}],"replies":[{"embeddable":true,"href":"https:\/\/www.eidenberg-agenda21.info\/web2\/wp-json\/wp\/v2\/comments?post=3743"}],"version-history":[{"count":2,"href":"https:\/\/www.eidenberg-agenda21.info\/web2\/wp-json\/wp\/v2\/posts\/3743\/revisions"}],"predecessor-version":[{"id":4106,"href":"https:\/\/www.eidenberg-agenda21.info\/web2\/wp-json\/wp\/v2\/posts\/3743\/revisions\/4106"}],"wp:featuredmedia":[{"embeddable":true,"href":"https:\/\/www.eidenberg-agenda21.info\/web2\/wp-json\/wp\/v2\/media\/3747"}],"wp:attachment":[{"href":"https:\/\/www.eidenberg-agenda21.info\/web2\/wp-json\/wp\/v2\/media?parent=3743"}],"wp:term":[{"taxonomy":"category","embeddable":true,"href":"https:\/\/www.eidenberg-agenda21.info\/web2\/wp-json\/wp\/v2\/categories?post=3743"},{"taxonomy":"post_tag","embeddable":true,"href":"https:\/\/www.eidenberg-agenda21.info\/web2\/wp-json\/wp\/v2\/tags?post=3743"}],"curies":[{"name":"wp","href":"https:\/\/api.w.org\/{rel}","templated":true}]}}