{"id":1497,"date":"2012-10-30T11:55:04","date_gmt":"2012-10-30T10:55:04","guid":{"rendered":"http:\/\/www.eidenberg-agenda21.info\/web2\/2012\/10\/10-jahre-agenda-21-in-eidenberg\/"},"modified":"2023-11-10T15:17:56","modified_gmt":"2023-11-10T14:17:56","slug":"10-jahre-agenda-21-in-eidenberg","status":"publish","type":"post","link":"https:\/\/www.eidenberg-agenda21.info\/web2\/2012\/10\/10-jahre-agenda-21-in-eidenberg\/","title":{"rendered":"10 Jahre Agenda 21 in Eidenberg"},"content":{"rendered":"<p> <img decoding=\"async\" style=\"margin-right: 10px; float: left;\" alt=\"Agenda21 News\" src=\"images\/stories\/com_form2content\/p1\/f4\/1.png\" width=\"250\" \/> <\/p>\n<p style=\"text-align: justify;\"><span style=\"font-size: 10pt;\">Ende 1999 beschloss der Gemeinderat von Eidenberg die lokale Entwicklung mit einem Agenda 21 Prozess zu beschleunigen. <strong>Mehr als 100 EidenbergerInnen<\/strong> waren zu Beginn dabei und arbeiteten zu den verschiedensten Themen ehrenamtlich mit. Diese wertvolle Arbeit ist mit Geld nicht zu bezahlen, f\u00fcr eine Gemeinde wie Eidenberg ist diese Arbeit der Bev\u00f6lkerung daher umso wertvoller.<\/span><\/p>\n<p style=\"text-align: justify;\"><span style=\"font-size: 10pt;\">&nbsp;<\/span><\/p>\n<p style=\"text-align: justify;\"><span style=\"font-size: 10pt;\">Die in dieser Zeit entstandenen Projekte zeigen wie wichtig die Bev\u00f6lkerung die M\u00f6glichkeiten der Agenda 21 waren. Die nachfolgenden Themen zeigen die Vielfalt der Eidenberger <strong>Entwicklung<\/strong> auf:<\/span><\/p>\n<p style=\"text-align: justify;\"><span style=\"font-size: 10pt;\">&nbsp;<\/span><\/p>\n<p style=\"text-align: justify;\"><i><span style=\"font-size: 10pt;\">Neue Stra\u00dfenbezeichnungen, Ge-meindehandbuch mit Leitbild, Informationsmedium \u201eLebenswerte Gemeinde\u201c, Exkursionen zu Nahversorgungsmodellen, Nahversorgung im Ort Eidenberg, S\u2018Gsch\u00e4ft Leitbild und Evaluierung, Studie zur Kostenwahrheit der Nahversorgung, Impulse zur Wirtschaftsbelebung, Nahw\u00e4rme durch Biomasse, Neue attraktive Wanderwege, Wander- und Sta\u00dfenkarte, Gymnastikweg neu und attraktiv, Ferialjobb\u00f6rse, Babysitterb\u00f6rse, Baby Massage Kurs, Jugendtreff und Jugenddisco, Volkstanzkurs f\u00fcr Kinder u. Jugendliche, Viele verschiedene Kurse (Keramik, Basteln, Kochen, Yoga\u2026), SELBA, Kindersommerveranstaltungen, Kommunikationsseminar f\u00fcr Frauen, Nachmittagsbetreuung, Impulse f\u00fcr den Kulturkalender, Nachhaltigkeitskabarett, Heizen mit Sonne und Holz, DLZ tr\u00e4gt Spuren der Agenda, Gemeinde\u00fcbergreifendes Netzwerk, Beitritt zum Klimab\u00fcndnis, Zyklus \u201eMeine Energie\u201c mit Energiezertifikate und Energiesparen im Haushalt &#8211; Ausgezeichnet mit dem O\u00d6 Landespreis f\u00fcr Umwelt und Natur 2005, Betriebe im Klimab\u00fcndnis, Beamer und Tonanlagennetzwerk, Zusammenschluss von \u201eAK Soziales und Familie\u201c mit der \u201eGesunden Gemeinde\u201c, Krippenbaukurse, Wanderbares Naturerlebnis im Advent, Gesundheitsmarathon, Gesundheitszyklus durch mehrere Veranstaltungen, Kr\u00e4uter im Alltag, Vortrags und Seminarreihe \u00fcber positives Denken, Besichtigung verschiedener nachhaltiger Themenwege, Agenda Abende, Naturparadies Garten &#8212; HECKENAKTION,&nbsp;<\/span><\/i><i><span style=\"font-size: 10pt;\">Thema Photovoltaik, Planung einer PV Gemeinschaftsanlage, Photovoltaik Infobrosch\u00fcre &#8211; Ausgezeichnet mit dem Landespreis f\u00fcr Umwelt und Natur 2009.<\/span><\/i><\/p>\n<p style=\"text-align: justify;\"><i><span style=\"font-size: 10pt;\">&nbsp;<\/span><\/i><\/p>\n<p style=\"text-align: justify;\"><strong><span style=\"font-size: 10pt;\">F\u00fcr diese umfangreiche Mitarbeit von mehr als 100 B\u00fcrgerInnen bedanken sich der Agenda Koordinator Anton Bauer und die Gemeindevertretung sehr herzlich. Agenda 21 wird auch in den n\u00e4chsten 10 Jahren ein fortlaufender Prozess sein, an dem sich viele Menschen beteiligen sollen, um damit die Zukunft der Gemeinde mitzubestimmen.<\/span><\/strong><\/p>\n<\/p>\n<p>  <!--more--> \ufeff<\/p>\n<p>&nbsp;<\/p>\n<p>&nbsp;<\/p>\n<p><span style=\"color: #c0c0c0;\">Ver\u00f6ffentlicht am Dienstag, 30.10.2012 von Manuel Lanzerstorfer<\/span> <\/p>\n","protected":false},"excerpt":{"rendered":"<p>Ende 1999 beschloss der Gemeinderat von Eidenberg die lokale Entwicklung mit einem Agenda 21 Prozess zu beschleunigen. Mehr als 100 EidenbergerInnen waren zu Beginn dabei und arbeiteten zu den verschiedensten Themen ehrenamtlich mit. Diese wertvolle Arbeit ist mit Geld nicht zu bezahlen, f\u00fcr eine Gemeinde wie Eidenberg ist diese Arbeit der Bev\u00f6lkerung daher umso wertvoller. [&hellip;]<\/p>\n","protected":false},"author":1,"featured_media":0,"comment_status":"closed","ping_status":"open","sticky":false,"template":"","format":"standard","meta":{"footnotes":""},"categories":[1],"tags":[180],"class_list":["post-1497","post","type-post","status-publish","format-standard","hentry","category-news","tag-krippenbau","post-wrapper","thrv_wrapper"],"_links":{"self":[{"href":"https:\/\/www.eidenberg-agenda21.info\/web2\/wp-json\/wp\/v2\/posts\/1497","targetHints":{"allow":["GET"]}}],"collection":[{"href":"https:\/\/www.eidenberg-agenda21.info\/web2\/wp-json\/wp\/v2\/posts"}],"about":[{"href":"https:\/\/www.eidenberg-agenda21.info\/web2\/wp-json\/wp\/v2\/types\/post"}],"author":[{"embeddable":true,"href":"https:\/\/www.eidenberg-agenda21.info\/web2\/wp-json\/wp\/v2\/users\/1"}],"replies":[{"embeddable":true,"href":"https:\/\/www.eidenberg-agenda21.info\/web2\/wp-json\/wp\/v2\/comments?post=1497"}],"version-history":[{"count":1,"href":"https:\/\/www.eidenberg-agenda21.info\/web2\/wp-json\/wp\/v2\/posts\/1497\/revisions"}],"predecessor-version":[{"id":3722,"href":"https:\/\/www.eidenberg-agenda21.info\/web2\/wp-json\/wp\/v2\/posts\/1497\/revisions\/3722"}],"wp:attachment":[{"href":"https:\/\/www.eidenberg-agenda21.info\/web2\/wp-json\/wp\/v2\/media?parent=1497"}],"wp:term":[{"taxonomy":"category","embeddable":true,"href":"https:\/\/www.eidenberg-agenda21.info\/web2\/wp-json\/wp\/v2\/categories?post=1497"},{"taxonomy":"post_tag","embeddable":true,"href":"https:\/\/www.eidenberg-agenda21.info\/web2\/wp-json\/wp\/v2\/tags?post=1497"}],"curies":[{"name":"wp","href":"https:\/\/api.w.org\/{rel}","templated":true}]}}