{"id":2369,"date":"2019-07-10T08:37:08","date_gmt":"2019-07-10T06:37:08","guid":{"rendered":"http:\/\/www.eidenberg-agenda21.info\/web2\/?p=2369"},"modified":"2023-11-10T14:30:19","modified_gmt":"2023-11-10T13:30:19","slug":"stadlumbau-baufortschritt-woche-8","status":"publish","type":"post","link":"http:\/\/www.eidenberg-agenda21.info\/web2\/2019\/07\/stadlumbau-baufortschritt-woche-8\/","title":{"rendered":"STADLUMBAU &#8211; Baufortschritt Woche 8"},"content":{"rendered":"<p>Nachdem der Betonrost am Do. ausgeschalt war, wurde die Baustelle von Fa. Priesner vorl\u00e4ufig ger\u00e4umt.<\/p>\n<p><img loading=\"lazy\" decoding=\"async\" class=\"size-medium wp-image-2368 alignleft\" style=\"background-color: transparent; color: #333333; float: left; font-family: Georgia,&amp;quot; times new roman&amp;quot;,&amp;quot;bitstream charter&amp;quot;,times,serif; font-size: 16px; font-style: normal; font-variant: normal; font-weight: 400; height: 225px; letter-spacing: normal; max-width: 1480.21px; orphans: 2; text-align: left; text-decoration: none; text-indent: 0px; text-transform: none; -webkit-text-stroke-width: 0px; white-space: normal; word-spacing: 0px; margin: 8px 16px 8px 0px;\" src=\"http:\/\/www.eidenberg-agenda21.info\/web2\/wp-content\/uploads\/2019\/07\/IMG_20190706_131153-300x225.jpg\" alt=\"\" width=\"300\" height=\"225\" srcset=\"http:\/\/www.eidenberg-agenda21.info\/web2\/wp-content\/uploads\/2019\/07\/IMG_20190706_131153-300x225.jpg 300w, http:\/\/www.eidenberg-agenda21.info\/web2\/wp-content\/uploads\/2019\/07\/IMG_20190706_131153-768x576.jpg 768w, http:\/\/www.eidenberg-agenda21.info\/web2\/wp-content\/uploads\/2019\/07\/IMG_20190706_131153.jpg 1024w, http:\/\/www.eidenberg-agenda21.info\/web2\/wp-content\/uploads\/2019\/07\/IMG_20190706_131153-380x285.jpg 380w, http:\/\/www.eidenberg-agenda21.info\/web2\/wp-content\/uploads\/2019\/07\/IMG_20190706_131153-285x214.jpg 285w\" sizes=\"auto, (max-width: 300px) 100vw, 300px\" \/><img loading=\"lazy\" decoding=\"async\" class=\"size-medium wp-image-2367 alignleft\" style=\"background-color: transparent; color: #333333; float: left; font-family: Georgia,&amp;quot; times new roman&amp;quot;,&amp;quot;bitstream charter&amp;quot;,times,serif; font-size: 16px; font-style: normal; font-variant: normal; font-weight: 400; height: 225px; letter-spacing: normal; max-width: 1480.21px; orphans: 2; text-align: left; text-decoration: none; text-indent: 0px; text-transform: none; -webkit-text-stroke-width: 0px; white-space: normal; word-spacing: 0px; margin: 8px 16px 8px 0px;\" src=\"http:\/\/www.eidenberg-agenda21.info\/web2\/wp-content\/uploads\/2019\/07\/IMG_20190706_101328_1-300x225.jpg\" alt=\"\" width=\"300\" height=\"225\" srcset=\"http:\/\/www.eidenberg-agenda21.info\/web2\/wp-content\/uploads\/2019\/07\/IMG_20190706_101328_1-300x225.jpg 300w, http:\/\/www.eidenberg-agenda21.info\/web2\/wp-content\/uploads\/2019\/07\/IMG_20190706_101328_1-768x576.jpg 768w, http:\/\/www.eidenberg-agenda21.info\/web2\/wp-content\/uploads\/2019\/07\/IMG_20190706_101328_1.jpg 1024w, http:\/\/www.eidenberg-agenda21.info\/web2\/wp-content\/uploads\/2019\/07\/IMG_20190706_101328_1-380x285.jpg 380w, http:\/\/www.eidenberg-agenda21.info\/web2\/wp-content\/uploads\/2019\/07\/IMG_20190706_101328_1-285x214.jpg 285w\" sizes=\"auto, (max-width: 300px) 100vw, 300px\" \/><b><\/b><i><\/i><u><\/u><span style=\"text-decoration: line-through;\"><\/span><\/p>\n<p>&nbsp;<\/p>\n<p>&nbsp;<\/p>\n<p>&nbsp;<\/p>\n<p>&nbsp;<\/p>\n<p>&nbsp;<\/p>\n<p>Am Samstag legten Andreas Schwantner und Manfred Sch\u00fctz die Grundsteine f\u00fcr die Brandmauer und richteten das Auflager f\u00fcr die Pfettenverst\u00e4rkung.<\/p>\n<p>Vorausschau: Am Montag wird das Ger\u00fcst aufgebaut, am Dienstag die Dachdeckung demontiert und dann mit der Ert\u00fcchtigung der Tragkonstruktion begonnen! Helfer bitte bei Sch\u00fctz Manfred 0664 9131252 melden!<\/p>\n","protected":false},"excerpt":{"rendered":"<p>Nachdem der Betonrost am Do. ausgeschalt war, wurde die Baustelle von Fa. Priesner vorl\u00e4ufig ger\u00e4umt. &nbsp; &nbsp; &nbsp; &nbsp; &nbsp; Am Samstag legten Andreas Schwantner und Manfred Sch\u00fctz die Grundsteine f\u00fcr die Brandmauer und richteten das Auflager f\u00fcr die Pfettenverst\u00e4rkung. Vorausschau: Am Montag wird das Ger\u00fcst aufgebaut, am Dienstag die Dachdeckung demontiert und dann mit [&hellip;]<\/p>\n","protected":false},"author":5,"featured_media":2367,"comment_status":"closed","ping_status":"open","sticky":false,"template":"","format":"standard","meta":{"footnotes":""},"categories":[1],"tags":[184],"class_list":["post-2369","post","type-post","status-publish","format-standard","has-post-thumbnail","hentry","category-news","tag-moahof","post-wrapper","thrv_wrapper"],"_links":{"self":[{"href":"http:\/\/www.eidenberg-agenda21.info\/web2\/wp-json\/wp\/v2\/posts\/2369","targetHints":{"allow":["GET"]}}],"collection":[{"href":"http:\/\/www.eidenberg-agenda21.info\/web2\/wp-json\/wp\/v2\/posts"}],"about":[{"href":"http:\/\/www.eidenberg-agenda21.info\/web2\/wp-json\/wp\/v2\/types\/post"}],"author":[{"embeddable":true,"href":"http:\/\/www.eidenberg-agenda21.info\/web2\/wp-json\/wp\/v2\/users\/5"}],"replies":[{"embeddable":true,"href":"http:\/\/www.eidenberg-agenda21.info\/web2\/wp-json\/wp\/v2\/comments?post=2369"}],"version-history":[{"count":3,"href":"http:\/\/www.eidenberg-agenda21.info\/web2\/wp-json\/wp\/v2\/posts\/2369\/revisions"}],"predecessor-version":[{"id":2372,"href":"http:\/\/www.eidenberg-agenda21.info\/web2\/wp-json\/wp\/v2\/posts\/2369\/revisions\/2372"}],"wp:featuredmedia":[{"embeddable":true,"href":"http:\/\/www.eidenberg-agenda21.info\/web2\/wp-json\/wp\/v2\/media\/2367"}],"wp:attachment":[{"href":"http:\/\/www.eidenberg-agenda21.info\/web2\/wp-json\/wp\/v2\/media?parent=2369"}],"wp:term":[{"taxonomy":"category","embeddable":true,"href":"http:\/\/www.eidenberg-agenda21.info\/web2\/wp-json\/wp\/v2\/categories?post=2369"},{"taxonomy":"post_tag","embeddable":true,"href":"http:\/\/www.eidenberg-agenda21.info\/web2\/wp-json\/wp\/v2\/tags?post=2369"}],"curies":[{"name":"wp","href":"https:\/\/api.w.org\/{rel}","templated":true}]}}