{"id":1657,"date":"2018-07-03T18:18:12","date_gmt":"2018-07-03T16:18:12","guid":{"rendered":"http:\/\/www.eidenberg-agenda21.info\/web2\/2018\/07\/eidenberger-fotostammtisch2\/"},"modified":"2023-11-10T14:30:21","modified_gmt":"2023-11-10T13:30:21","slug":"eidenberger-fotostammtisch2","status":"publish","type":"post","link":"http:\/\/www.eidenberg-agenda21.info\/web2\/2018\/07\/eidenberger-fotostammtisch2\/","title":{"rendered":"Eidenberger Fotostammtisch"},"content":{"rendered":"<p>Seit Ende J\u00e4nner treffen sich Fotografie interessierte Personen einmal im Monat zum Fotostammtisch. Dieser ist aus dem laufenden Agenda 21 Prozess als Teil des Otelo* hervorgegangen.<\/p>\n<p>Christian Kneidinger, ein passionierter Fotograf, hat sich um diesen Stammtisch bem\u00fcht und kann sehr viel Erfahrung mitbringen. So Manchen ist er aus seinem Bildervortrag in Eidenberg bekannt und sein Travelling Teddy ist vielen Menschen ein Begriff.<\/p>\n<p>Immer wieder gibt es neue Themen, die f\u00fcr alle Beteiligten interessant sind. Im Mai haben wir eine abendliche Fotowanderung unternommen, bei der Motivsuche und Motivfindung im Vordergrund stand. Ebenso diese Motive in den richtigen Blickwinkel zu bekommen. Es sind oft nur Kleinigkeiten, die den feinen Unterschied in der Qualit\u00e4t der Bilder ausmacht. Doch es macht richtig Spa\u00df diese zu entdecken und immer mehr Freude an der Fotografie zu entdecken.<\/p>\n<p>Auf Grund der Vielfalt der Themen ist es jederzeit m\u00f6glich beim Stammtisch einzusteigen. Ebenso w\u00fcnschen wir uns die Teilnahme von Fotografie kundigen Personen, die auch mit Tipps weiterhelfen k\u00f6nnen. Voneinander und miteinander lernen macht richtig Spa\u00df.<\/p>\n<p>Unser n\u00e4chster Stammtisch wird auf der Facebookseite der Agenda 21 und auf der Homepage der Agenda 21 (www. eidenberg-agenda21.info) bekanntgegeben. Vom Anf\u00e4nger bis zum Profifotograf, alle sind in der Gruppe herzlich Willkommen.<\/p>\n<p>&nbsp;<\/p>\n<p>&nbsp;<\/p>\n<p>*<b> OTELO \u2013 Raum und Zeit f\u00fcr deine Ideen!<\/b><\/p>\n<p>OTELO lebt von der Idee, Menschen einen offenen Raum f\u00fcr kreative und technische Aktivit\u00e4ten zu erm\u00f6glichen. Eine Idee, die auf einen gesch\u00fctzten Entwicklungs- und Experimentierraum f\u00fcr experimentelles und gemeinsames Schaffen setzt. Eine Idee, die Anwendungsfelder aus Technik, Medien und Kunst \u00f6ffnet und miteinander verbindet. Darum tr\u00e4gt OTELO diese Idee auch im Namen: OTELO ist das Offene Technologie Labor.<\/p>\n","protected":false},"excerpt":{"rendered":"<p>Seit Ende J\u00e4nner treffen sich Fotografie interessierte Personen einmal im Monat zum Fotostammtisch. Dieser ist aus dem laufenden Agenda 21 Prozess als Teil des Otelo* hervorgegangen. Christian Kneidinger, ein passionierter Fotograf, hat sich um diesen Stammtisch bem\u00fcht und kann sehr viel Erfahrung mitbringen. So Manchen ist er aus seinem Bildervortrag in Eidenberg bekannt und sein [&hellip;]<\/p>\n","protected":false},"author":1,"featured_media":1674,"comment_status":"closed","ping_status":"open","sticky":false,"template":"","format":"standard","meta":{"footnotes":""},"categories":[1],"tags":[142],"class_list":["post-1657","post","type-post","status-publish","format-standard","has-post-thumbnail","hentry","category-news","tag-repair","post-wrapper","thrv_wrapper"],"_links":{"self":[{"href":"http:\/\/www.eidenberg-agenda21.info\/web2\/wp-json\/wp\/v2\/posts\/1657","targetHints":{"allow":["GET"]}}],"collection":[{"href":"http:\/\/www.eidenberg-agenda21.info\/web2\/wp-json\/wp\/v2\/posts"}],"about":[{"href":"http:\/\/www.eidenberg-agenda21.info\/web2\/wp-json\/wp\/v2\/types\/post"}],"author":[{"embeddable":true,"href":"http:\/\/www.eidenberg-agenda21.info\/web2\/wp-json\/wp\/v2\/users\/1"}],"replies":[{"embeddable":true,"href":"http:\/\/www.eidenberg-agenda21.info\/web2\/wp-json\/wp\/v2\/comments?post=1657"}],"version-history":[{"count":3,"href":"http:\/\/www.eidenberg-agenda21.info\/web2\/wp-json\/wp\/v2\/posts\/1657\/revisions"}],"predecessor-version":[{"id":1675,"href":"http:\/\/www.eidenberg-agenda21.info\/web2\/wp-json\/wp\/v2\/posts\/1657\/revisions\/1675"}],"wp:featuredmedia":[{"embeddable":true,"href":"http:\/\/www.eidenberg-agenda21.info\/web2\/wp-json\/wp\/v2\/media\/1674"}],"wp:attachment":[{"href":"http:\/\/www.eidenberg-agenda21.info\/web2\/wp-json\/wp\/v2\/media?parent=1657"}],"wp:term":[{"taxonomy":"category","embeddable":true,"href":"http:\/\/www.eidenberg-agenda21.info\/web2\/wp-json\/wp\/v2\/categories?post=1657"},{"taxonomy":"post_tag","embeddable":true,"href":"http:\/\/www.eidenberg-agenda21.info\/web2\/wp-json\/wp\/v2\/tags?post=1657"}],"curies":[{"name":"wp","href":"https:\/\/api.w.org\/{rel}","templated":true}]}}